{"id":11047,"date":"2025-12-18T10:02:59","date_gmt":"2025-12-18T10:02:59","guid":{"rendered":"https:\/\/leadervastrasmaland.leadersverige.se\/?post_type=kalenderpost&#038;p=11047"},"modified":"2025-12-18T10:02:59","modified_gmt":"2025-12-18T10:02:59","slug":"styrelsemote-september-2026","status":"publish","type":"kalenderpost","link":"https:\/\/leadervastrasmaland.se\/en\/kalenderpost\/styrelsemote-september-2026\/","title":{"rendered":"Board meeting"},"content":{"rendered":"<h4><\/h4>\n<h4><strong>We welcome our board to the board meeting!<\/strong><\/h4>\n<p>At our board meetings, our board meets and decides which projects will receive support from us. During 2026, we plan four board meetings.<\/p>\n<h4><strong>Is there a deadline for applications before the meeting?<\/strong><\/h4>\n<p>No, we accept applications on an ongoing basis. For your application to be brought up for decision, you need to have good foresight. It may be that we need more information from you for the board to be able to make a decision. When you have received feedback from us, you also have a chance to develop the idea to increase your chances of receiving project support from us. The process from when you submit your application to when it is ready for board decision takes different amounts of time for different projects. You are warmly welcome to discuss this with us at the office!<\/p>\n<p>&nbsp;<\/p>\n<p>&nbsp;<\/p>\n<p>&nbsp;<\/p>","protected":false},"excerpt":{"rendered":"<p>In September it is time for a new board meeting.<\/p>","protected":false},"featured_media":0,"template":"","meta":{"_acf_changed":false,"_et_pb_use_builder":"","_et_pb_old_content":"","_et_gb_content_width":"","_links_to":"","_links_to_target":""},"class_list":["post-11047","kalenderpost","type-kalenderpost","status-publish","hentry"],"acf":[],"yoast_head":"<!-- This site is optimized with the Yoast SEO plugin v28.2 - https:\/\/yoast.com\/product\/yoast-seo-wordpress\/ -->\n<title>Styrelsem\u00f6te - Leader V\u00e4stra Sm\u00e5land<\/title>\n<meta name=\"robots\" content=\"index, follow, max-snippet:-1, max-image-preview:large, max-video-preview:-1\" \/>\n<link rel=\"canonical\" href=\"https:\/\/leadervastrasmaland.se\/en\/kalenderpost\/styrelsemote-september-2026\/\" \/>\n<meta property=\"og:locale\" content=\"en_US\" \/>\n<meta property=\"og:type\" content=\"article\" \/>\n<meta property=\"og:title\" content=\"Styrelsem\u00f6te - Leader V\u00e4stra Sm\u00e5land\" \/>\n<meta property=\"og:description\" content=\"I september \u00e4r det dags f\u00f6r ett nytt styrelsem\u00f6te.\" \/>\n<meta property=\"og:url\" content=\"https:\/\/leadervastrasmaland.se\/en\/kalenderpost\/styrelsemote-september-2026\/\" \/>\n<meta property=\"og:site_name\" content=\"Leader V\u00e4stra Sm\u00e5land\" \/>\n<meta name=\"twitter:card\" content=\"summary_large_image\" \/>\n<meta name=\"twitter:label1\" content=\"Est. reading time\" \/>\n\t<meta name=\"twitter:data1\" content=\"1 minute\" \/>\n<script type=\"application\/ld+json\" class=\"yoast-schema-graph\">{\"@context\":\"https:\\\/\\\/schema.org\",\"@graph\":[{\"@type\":\"WebPage\",\"@id\":\"https:\\\/\\\/leadervastrasmaland.se\\\/kalenderpost\\\/styrelsemote-september-2026\\\/\",\"url\":\"https:\\\/\\\/leadervastrasmaland.se\\\/kalenderpost\\\/styrelsemote-september-2026\\\/\",\"name\":\"Styrelsem\u00f6te - Leader V\u00e4stra Sm\u00e5land\",\"isPartOf\":{\"@id\":\"https:\\\/\\\/leadervastrasmaland.se\\\/#website\"},\"datePublished\":\"2025-12-18T10:02:59+00:00\",\"breadcrumb\":{\"@id\":\"https:\\\/\\\/leadervastrasmaland.se\\\/kalenderpost\\\/styrelsemote-september-2026\\\/#breadcrumb\"},\"inLanguage\":\"en-US\",\"potentialAction\":[{\"@type\":\"ReadAction\",\"target\":[\"https:\\\/\\\/leadervastrasmaland.se\\\/kalenderpost\\\/styrelsemote-september-2026\\\/\"]}]},{\"@type\":\"BreadcrumbList\",\"@id\":\"https:\\\/\\\/leadervastrasmaland.se\\\/kalenderpost\\\/styrelsemote-september-2026\\\/#breadcrumb\",\"itemListElement\":[{\"@type\":\"ListItem\",\"position\":1,\"name\":\"Hem\",\"item\":\"https:\\\/\\\/leadervastrasmaland.se\\\/\"},{\"@type\":\"ListItem\",\"position\":2,\"name\":\"Styrelsem\u00f6te\"}]},{\"@type\":\"WebSite\",\"@id\":\"https:\\\/\\\/leadervastrasmaland.se\\\/#website\",\"url\":\"https:\\\/\\\/leadervastrasmaland.se\\\/\",\"name\":\"Leader V\u00e4stra Sm\u00e5land\",\"description\":\"Du vet b\u00e4st vad din bygd beh\u00f6ver!\",\"potentialAction\":[{\"@type\":\"SearchAction\",\"target\":{\"@type\":\"EntryPoint\",\"urlTemplate\":\"https:\\\/\\\/leadervastrasmaland.se\\\/?s={search_term_string}\"},\"query-input\":{\"@type\":\"PropertyValueSpecification\",\"valueRequired\":true,\"valueName\":\"search_term_string\"}}],\"inLanguage\":\"en-US\"}]}<\/script>\n<!-- \/ Yoast SEO plugin. -->","yoast_head_json":{"title":"Board Meeting - Leader V\u00e4stra Sm\u00e5land","robots":{"index":"index","follow":"follow","max-snippet":"max-snippet:-1","max-image-preview":"max-image-preview:large","max-video-preview":"max-video-preview:-1"},"canonical":"https:\/\/leadervastrasmaland.se\/en\/kalenderpost\/styrelsemote-september-2026\/","og_locale":"en_US","og_type":"article","og_title":"Styrelsem\u00f6te - Leader V\u00e4stra Sm\u00e5land","og_description":"I september \u00e4r det dags f\u00f6r ett nytt styrelsem\u00f6te.","og_url":"https:\/\/leadervastrasmaland.se\/en\/kalenderpost\/styrelsemote-september-2026\/","og_site_name":"Leader V\u00e4stra Sm\u00e5land","twitter_card":"summary_large_image","twitter_misc":{"Est. reading time":"1 minute"},"schema":{"@context":"https:\/\/schema.org","@graph":[{"@type":"WebPage","@id":"https:\/\/leadervastrasmaland.se\/kalenderpost\/styrelsemote-september-2026\/","url":"https:\/\/leadervastrasmaland.se\/kalenderpost\/styrelsemote-september-2026\/","name":"Board Meeting - Leader V\u00e4stra Sm\u00e5land","isPartOf":{"@id":"https:\/\/leadervastrasmaland.se\/#website"},"datePublished":"2025-12-18T10:02:59+00:00","breadcrumb":{"@id":"https:\/\/leadervastrasmaland.se\/kalenderpost\/styrelsemote-september-2026\/#breadcrumb"},"inLanguage":"en-US","potentialAction":[{"@type":"ReadAction","target":["https:\/\/leadervastrasmaland.se\/kalenderpost\/styrelsemote-september-2026\/"]}]},{"@type":"BreadcrumbList","@id":"https:\/\/leadervastrasmaland.se\/kalenderpost\/styrelsemote-september-2026\/#breadcrumb","itemListElement":[{"@type":"ListItem","position":1,"name":"Hem","item":"https:\/\/leadervastrasmaland.se\/"},{"@type":"ListItem","position":2,"name":"Styrelsem\u00f6te"}]},{"@type":"WebSite","@id":"https:\/\/leadervastrasmaland.se\/#website","url":"https:\/\/leadervastrasmaland.se\/","name":"Leader West Sm\u00e5land","description":"You know best what your community needs!","potentialAction":[{"@type":"SearchAction","target":{"@type":"EntryPoint","urlTemplate":"https:\/\/leadervastrasmaland.se\/?s={search_term_string}"},"query-input":{"@type":"PropertyValueSpecification","valueRequired":true,"valueName":"search_term_string"}}],"inLanguage":"en-US"}]}},"_links":{"self":[{"href":"https:\/\/leadervastrasmaland.se\/en\/wp-json\/wp\/v2\/kalenderpost\/11047","targetHints":{"allow":["GET"]}}],"collection":[{"href":"https:\/\/leadervastrasmaland.se\/en\/wp-json\/wp\/v2\/kalenderpost"}],"about":[{"href":"https:\/\/leadervastrasmaland.se\/en\/wp-json\/wp\/v2\/types\/kalenderpost"}],"version-history":[{"count":1,"href":"https:\/\/leadervastrasmaland.se\/en\/wp-json\/wp\/v2\/kalenderpost\/11047\/revisions"}],"predecessor-version":[{"id":11048,"href":"https:\/\/leadervastrasmaland.se\/en\/wp-json\/wp\/v2\/kalenderpost\/11047\/revisions\/11048"}],"wp:attachment":[{"href":"https:\/\/leadervastrasmaland.se\/en\/wp-json\/wp\/v2\/media?parent=11047"}],"curies":[{"name":"wp","href":"https:\/\/api.w.org\/{rel}","templated":true}]}}