{"id":12335,"date":"2026-08-24T08:14:38","date_gmt":"2026-08-24T06:14:38","guid":{"rendered":"https:\/\/leadervastrasmaland.se\/?post_type=kalenderpost&#038;p=12335"},"modified":"2026-08-24T08:16:08","modified_gmt":"2026-08-24T06:16:08","slug":"oasen-pa-asen","status":"publish","type":"kalenderpost","link":"https:\/\/leadervastrasmaland.se\/en\/kalenderpost\/oasen-pa-asen\/","title":{"rendered":"Inspiration trip to the Oasis at \u00c5sen"},"content":{"rendered":"<h2><strong>Inspiration trip Oasen at \u00c5sen<\/strong><\/h2>\n<h3><strong>When?<\/strong>\u00a0September 26<br \/>\nBus trip starting from Gnosj\u00f6 and Torsvik<\/h3>\n<p>The oasis at \u00c5sen is located between Nyk\u00f6ping and Katrineholm and is a small-scale, regenerative farm that has nature as its model. With a focus on sustainable food production, preparedness, and knowledge dissemination, the couple running the farm aims to inspire more people to take steps towards increased self-sufficiency and resilience in everyday life. The journey is suitable for those who want to learn more about preparedness gardening \u2013 how we can grow food that strengthens our security in uncertain times. You will also get to learn practical methods for utilizing the harvest, with tips and techniques to extend shelf life and reduce waste. It costs nothing to join the journey.<\/p>\n<a href='https:\/\/leadervastrasmaland.confetti.events\/oasenpaasen' class='small-button smallblue' target=\"_blank\">Read more and sign up here<\/a>\n<p>&nbsp;<\/p>\n<p><img loading=\"lazy\" decoding=\"async\" class=\"alignnone size-full wp-image-1596\" role=\"img\" src=\"https:\/\/leadervastrasmaland.se\/wp-content\/uploads\/sites\/54\/2023\/01\/SV-V-Medfinansieras-av-Europeiska-unionen_POS-4-1.svg\" alt=\"\" width=\"200\" height=\"187\" \/><\/p>\n<p><em>This inspirational journey is part of the project \u201dEquip the countryside! \u2013 Western Sm\u00e5land\u201d which is co-financed by the European Union. During 2026 and 2027, we are investing a little extra in preparedness to strengthen the ability to handle future crises in our area. We invite you to various free events, particularly focusing on food in crisis.\u00a0<\/em><\/p>\n<p>&nbsp;<\/p>","protected":false},"excerpt":{"rendered":"<p>Join the Leader bus and learn more about cultivation! We invite you to an inspiration trip as part of our preparedness initiative.<\/p>","protected":false},"featured_media":12308,"template":"","meta":{"_acf_changed":false,"_et_pb_use_builder":"","_et_pb_old_content":"","_et_gb_content_width":"","_links_to":"","_links_to_target":""},"class_list":["post-12335","kalenderpost","type-kalenderpost","status-publish","has-post-thumbnail","hentry"],"acf":[],"yoast_head":"<!-- This site is optimized with the Yoast SEO plugin v28.2 - https:\/\/yoast.com\/product\/yoast-seo-wordpress\/ -->\n<title>Inspirationsresa till Oasen p\u00e5 \u00c5sen - Leader V\u00e4stra Sm\u00e5land<\/title>\n<meta name=\"robots\" content=\"index, follow, max-snippet:-1, max-image-preview:large, max-video-preview:-1\" \/>\n<link rel=\"canonical\" href=\"https:\/\/leadervastrasmaland.se\/en\/kalenderpost\/oasen-pa-asen\/\" \/>\n<meta property=\"og:locale\" content=\"en_US\" \/>\n<meta property=\"og:type\" content=\"article\" \/>\n<meta property=\"og:title\" content=\"Inspirationsresa till Oasen p\u00e5 \u00c5sen - Leader V\u00e4stra Sm\u00e5land\" \/>\n<meta property=\"og:description\" content=\"H\u00e4ng med Leaderbussen och l\u00e4r dig mer om odling! Vi bjuder in till inspirationsresa som en del av v\u00e5r beredskapssatsning.\" \/>\n<meta property=\"og:url\" content=\"https:\/\/leadervastrasmaland.se\/en\/kalenderpost\/oasen-pa-asen\/\" \/>\n<meta property=\"og:site_name\" content=\"Leader V\u00e4stra Sm\u00e5land\" \/>\n<meta property=\"article:modified_time\" content=\"2026-08-24T06:16:08+00:00\" \/>\n<meta property=\"og:image\" content=\"https:\/\/leadervastrasmaland.se\/wp-content\/uploads\/sites\/54\/2026\/06\/martin-och-marre-rensar-ogras_liten-scaled.jpg\" \/>\n\t<meta property=\"og:image:width\" content=\"2560\" \/>\n\t<meta property=\"og:image:height\" content=\"1752\" \/>\n\t<meta property=\"og:image:type\" content=\"image\/jpeg\" \/>\n<meta name=\"twitter:card\" content=\"summary_large_image\" \/>\n<meta name=\"twitter:label1\" content=\"Est. reading time\" \/>\n\t<meta name=\"twitter:data1\" content=\"2 minutes\" \/>\n<script type=\"application\/ld+json\" class=\"yoast-schema-graph\">{\"@context\":\"https:\\\/\\\/schema.org\",\"@graph\":[{\"@type\":\"WebPage\",\"@id\":\"https:\\\/\\\/leadervastrasmaland.se\\\/kalenderpost\\\/oasen-pa-asen\\\/\",\"url\":\"https:\\\/\\\/leadervastrasmaland.se\\\/kalenderpost\\\/oasen-pa-asen\\\/\",\"name\":\"Inspirationsresa till Oasen p\u00e5 \u00c5sen - Leader V\u00e4stra Sm\u00e5land\",\"isPartOf\":{\"@id\":\"https:\\\/\\\/leadervastrasmaland.se\\\/#website\"},\"primaryImageOfPage\":{\"@id\":\"https:\\\/\\\/leadervastrasmaland.se\\\/kalenderpost\\\/oasen-pa-asen\\\/#primaryimage\"},\"image\":{\"@id\":\"https:\\\/\\\/leadervastrasmaland.se\\\/kalenderpost\\\/oasen-pa-asen\\\/#primaryimage\"},\"thumbnailUrl\":\"https:\\\/\\\/leadervastrasmaland.se\\\/wp-content\\\/uploads\\\/sites\\\/54\\\/2026\\\/06\\\/martin-och-marre-rensar-ogras_liten-scaled.jpg\",\"datePublished\":\"2026-08-24T06:14:38+00:00\",\"dateModified\":\"2026-08-24T06:16:08+00:00\",\"breadcrumb\":{\"@id\":\"https:\\\/\\\/leadervastrasmaland.se\\\/kalenderpost\\\/oasen-pa-asen\\\/#breadcrumb\"},\"inLanguage\":\"en-US\",\"potentialAction\":[{\"@type\":\"ReadAction\",\"target\":[\"https:\\\/\\\/leadervastrasmaland.se\\\/kalenderpost\\\/oasen-pa-asen\\\/\"]}]},{\"@type\":\"ImageObject\",\"inLanguage\":\"en-US\",\"@id\":\"https:\\\/\\\/leadervastrasmaland.se\\\/kalenderpost\\\/oasen-pa-asen\\\/#primaryimage\",\"url\":\"https:\\\/\\\/leadervastrasmaland.se\\\/wp-content\\\/uploads\\\/sites\\\/54\\\/2026\\\/06\\\/martin-och-marre-rensar-ogras_liten-scaled.jpg\",\"contentUrl\":\"https:\\\/\\\/leadervastrasmaland.se\\\/wp-content\\\/uploads\\\/sites\\\/54\\\/2026\\\/06\\\/martin-och-marre-rensar-ogras_liten-scaled.jpg\",\"width\":2560,\"height\":1752},{\"@type\":\"BreadcrumbList\",\"@id\":\"https:\\\/\\\/leadervastrasmaland.se\\\/kalenderpost\\\/oasen-pa-asen\\\/#breadcrumb\",\"itemListElement\":[{\"@type\":\"ListItem\",\"position\":1,\"name\":\"Hem\",\"item\":\"https:\\\/\\\/leadervastrasmaland.se\\\/\"},{\"@type\":\"ListItem\",\"position\":2,\"name\":\"Inspirationsresa till Oasen p\u00e5 \u00c5sen\"}]},{\"@type\":\"WebSite\",\"@id\":\"https:\\\/\\\/leadervastrasmaland.se\\\/#website\",\"url\":\"https:\\\/\\\/leadervastrasmaland.se\\\/\",\"name\":\"Leader V\u00e4stra Sm\u00e5land\",\"description\":\"Du vet b\u00e4st vad din bygd beh\u00f6ver!\",\"potentialAction\":[{\"@type\":\"SearchAction\",\"target\":{\"@type\":\"EntryPoint\",\"urlTemplate\":\"https:\\\/\\\/leadervastrasmaland.se\\\/?s={search_term_string}\"},\"query-input\":{\"@type\":\"PropertyValueSpecification\",\"valueRequired\":true,\"valueName\":\"search_term_string\"}}],\"inLanguage\":\"en-US\"}]}<\/script>\n<!-- \/ Yoast SEO plugin. -->","yoast_head_json":{"title":"Inspirationsresa till Oasen p\u00e5 \u00c5sen - Leader V\u00e4stra Sm\u00e5land","robots":{"index":"index","follow":"follow","max-snippet":"max-snippet:-1","max-image-preview":"max-image-preview:large","max-video-preview":"max-video-preview:-1"},"canonical":"https:\/\/leadervastrasmaland.se\/en\/kalenderpost\/oasen-pa-asen\/","og_locale":"en_US","og_type":"article","og_title":"Inspirationsresa till Oasen p\u00e5 \u00c5sen - Leader V\u00e4stra Sm\u00e5land","og_description":"H\u00e4ng med Leaderbussen och l\u00e4r dig mer om odling! Vi bjuder in till inspirationsresa som en del av v\u00e5r beredskapssatsning.","og_url":"https:\/\/leadervastrasmaland.se\/en\/kalenderpost\/oasen-pa-asen\/","og_site_name":"Leader V\u00e4stra Sm\u00e5land","article_modified_time":"2026-08-24T06:16:08+00:00","og_image":[{"width":2560,"height":1752,"url":"https:\/\/leadervastrasmaland.se\/wp-content\/uploads\/sites\/54\/2026\/06\/martin-och-marre-rensar-ogras_liten-scaled.jpg","type":"image\/jpeg"}],"twitter_card":"summary_large_image","twitter_misc":{"Est. reading time":"2 minutes"},"schema":{"@context":"https:\/\/schema.org","@graph":[{"@type":"WebPage","@id":"https:\/\/leadervastrasmaland.se\/kalenderpost\/oasen-pa-asen\/","url":"https:\/\/leadervastrasmaland.se\/kalenderpost\/oasen-pa-asen\/","name":"Inspirationsresa till Oasen p\u00e5 \u00c5sen - Leader V\u00e4stra Sm\u00e5land","isPartOf":{"@id":"https:\/\/leadervastrasmaland.se\/#website"},"primaryImageOfPage":{"@id":"https:\/\/leadervastrasmaland.se\/kalenderpost\/oasen-pa-asen\/#primaryimage"},"image":{"@id":"https:\/\/leadervastrasmaland.se\/kalenderpost\/oasen-pa-asen\/#primaryimage"},"thumbnailUrl":"https:\/\/leadervastrasmaland.se\/wp-content\/uploads\/sites\/54\/2026\/06\/martin-och-marre-rensar-ogras_liten-scaled.jpg","datePublished":"2026-08-24T06:14:38+00:00","dateModified":"2026-08-24T06:16:08+00:00","breadcrumb":{"@id":"https:\/\/leadervastrasmaland.se\/kalenderpost\/oasen-pa-asen\/#breadcrumb"},"inLanguage":"en-US","potentialAction":[{"@type":"ReadAction","target":["https:\/\/leadervastrasmaland.se\/kalenderpost\/oasen-pa-asen\/"]}]},{"@type":"ImageObject","inLanguage":"en-US","@id":"https:\/\/leadervastrasmaland.se\/kalenderpost\/oasen-pa-asen\/#primaryimage","url":"https:\/\/leadervastrasmaland.se\/wp-content\/uploads\/sites\/54\/2026\/06\/martin-och-marre-rensar-ogras_liten-scaled.jpg","contentUrl":"https:\/\/leadervastrasmaland.se\/wp-content\/uploads\/sites\/54\/2026\/06\/martin-och-marre-rensar-ogras_liten-scaled.jpg","width":2560,"height":1752},{"@type":"BreadcrumbList","@id":"https:\/\/leadervastrasmaland.se\/kalenderpost\/oasen-pa-asen\/#breadcrumb","itemListElement":[{"@type":"ListItem","position":1,"name":"Hem","item":"https:\/\/leadervastrasmaland.se\/"},{"@type":"ListItem","position":2,"name":"Inspirationsresa till Oasen p\u00e5 \u00c5sen"}]},{"@type":"WebSite","@id":"https:\/\/leadervastrasmaland.se\/#website","url":"https:\/\/leadervastrasmaland.se\/","name":"Leader West Sm\u00e5land","description":"You know best what your community needs!","potentialAction":[{"@type":"SearchAction","target":{"@type":"EntryPoint","urlTemplate":"https:\/\/leadervastrasmaland.se\/?s={search_term_string}"},"query-input":{"@type":"PropertyValueSpecification","valueRequired":true,"valueName":"search_term_string"}}],"inLanguage":"en-US"}]}},"_links":{"self":[{"href":"https:\/\/leadervastrasmaland.se\/en\/wp-json\/wp\/v2\/kalenderpost\/12335","targetHints":{"allow":["GET"]}}],"collection":[{"href":"https:\/\/leadervastrasmaland.se\/en\/wp-json\/wp\/v2\/kalenderpost"}],"about":[{"href":"https:\/\/leadervastrasmaland.se\/en\/wp-json\/wp\/v2\/types\/kalenderpost"}],"version-history":[{"count":4,"href":"https:\/\/leadervastrasmaland.se\/en\/wp-json\/wp\/v2\/kalenderpost\/12335\/revisions"}],"predecessor-version":[{"id":12339,"href":"https:\/\/leadervastrasmaland.se\/en\/wp-json\/wp\/v2\/kalenderpost\/12335\/revisions\/12339"}],"wp:featuredmedia":[{"embeddable":true,"href":"https:\/\/leadervastrasmaland.se\/en\/wp-json\/wp\/v2\/media\/12308"}],"wp:attachment":[{"href":"https:\/\/leadervastrasmaland.se\/en\/wp-json\/wp\/v2\/media?parent=12335"}],"curies":[{"name":"wp","href":"https:\/\/api.w.org\/{rel}","templated":true}]}}