{"id":12345,"date":"2026-08-24T08:35:59","date_gmt":"2026-08-24T06:35:59","guid":{"rendered":"https:\/\/leadervastrasmaland.se\/?post_type=kalenderpost&#038;p=12345"},"modified":"2026-08-24T08:35:59","modified_gmt":"2026-08-24T06:35:59","slug":"jordkallare","status":"publish","type":"kalenderpost","link":"https:\/\/leadervastrasmaland.se\/en\/kalenderpost\/jordkallare\/","title":{"rendered":"Digital lecture on root cellars"},"content":{"rendered":"<h2><strong>Digital lecture on root cellars<\/strong><\/h2>\n<h3><strong>When?<\/strong>\u00a0November 26<br \/>\n<strong>Where?<\/strong>\u00a0Digital<\/h3>\n<p>&nbsp;<\/p>\n<p><img loading=\"lazy\" decoding=\"async\" class=\"alignnone  wp-image-12346\" src=\"https:\/\/leadervastrasmaland.se\/wp-content\/uploads\/sites\/54\/2026\/08\/20260529_145041-768x1024.jpg\" alt=\"\" width=\"245\" height=\"326\" \/><\/p>\n<p>Joakim Lilja works with cold masonry and restoring stone walls and root cellars. During the lecture, he will talk about different types of root cellars, how they are built, and how they function and are maintained to continue serving as smart food storage far into the future.<\/p>\n<a href='https:\/\/leadervastrasmaland.confetti.events\/jordkallare' class='small-button smallblue' target=\"_blank\">Read more and sign up here<\/a>\n<p>&nbsp;<\/p>\n<p><img loading=\"lazy\" decoding=\"async\" class=\"alignnone size-full wp-image-1596\" role=\"img\" src=\"https:\/\/leadervastrasmaland.se\/wp-content\/uploads\/sites\/54\/2023\/01\/SV-V-Medfinansieras-av-Europeiska-unionen_POS-4-1.svg\" alt=\"\" width=\"200\" height=\"187\" \/><\/p>\n<p><em>This lecture is part of the project \u201dEmpower the community! \u2013 Western Sm\u00e5land\u201d co-financed by the European Union. During 2026 and 2027, we are investing a little extra in preparedness to strengthen the ability to handle future crises in our area. We invite you to various free events, particularly focusing on food in crisis.\u00a0<\/em><\/p>\n<p>&nbsp;<\/p>","protected":false},"excerpt":{"rendered":"<p>Do you want to learn more about root cellars? Are you perhaps interested in restoring one that you have at home? Then this lecture is for you!<\/p>","protected":false},"featured_media":12309,"template":"","meta":{"_acf_changed":false,"_et_pb_use_builder":"","_et_pb_old_content":"","_et_gb_content_width":"","_links_to":"","_links_to_target":""},"class_list":["post-12345","kalenderpost","type-kalenderpost","status-publish","has-post-thumbnail","hentry"],"acf":[],"yoast_head":"<!-- This site is optimized with the Yoast SEO plugin v28.2 - https:\/\/yoast.com\/product\/yoast-seo-wordpress\/ -->\n<title>Digital f\u00f6rel\u00e4sning om jordk\u00e4llare - Leader V\u00e4stra Sm\u00e5land<\/title>\n<meta name=\"robots\" content=\"index, follow, max-snippet:-1, max-image-preview:large, max-video-preview:-1\" \/>\n<link rel=\"canonical\" href=\"https:\/\/leadervastrasmaland.se\/en\/kalenderpost\/jordkallare\/\" \/>\n<meta property=\"og:locale\" content=\"en_US\" \/>\n<meta property=\"og:type\" content=\"article\" \/>\n<meta property=\"og:title\" content=\"Digital f\u00f6rel\u00e4sning om jordk\u00e4llare - Leader V\u00e4stra Sm\u00e5land\" \/>\n<meta property=\"og:description\" content=\"Vill du l\u00e4ra dig mer om jordk\u00e4llare? \u00c4r du kanske intresserad av att restaurera en som du har hemma? D\u00e5 \u00e4r den h\u00e4r f\u00f6rel\u00e4sningen f\u00f6r dig!\" \/>\n<meta property=\"og:url\" content=\"https:\/\/leadervastrasmaland.se\/en\/kalenderpost\/jordkallare\/\" \/>\n<meta property=\"og:site_name\" content=\"Leader V\u00e4stra Sm\u00e5land\" \/>\n<meta property=\"og:image\" content=\"https:\/\/leadervastrasmaland.se\/wp-content\/uploads\/sites\/54\/2026\/06\/DSC03301-1-scaled.jpg\" \/>\n\t<meta property=\"og:image:width\" content=\"2560\" \/>\n\t<meta property=\"og:image:height\" content=\"1707\" \/>\n\t<meta property=\"og:image:type\" content=\"image\/jpeg\" \/>\n<meta name=\"twitter:card\" content=\"summary_large_image\" \/>\n<meta name=\"twitter:label1\" content=\"Est. reading time\" \/>\n\t<meta name=\"twitter:data1\" content=\"2 minutes\" \/>\n<script type=\"application\/ld+json\" class=\"yoast-schema-graph\">{\"@context\":\"https:\\\/\\\/schema.org\",\"@graph\":[{\"@type\":\"WebPage\",\"@id\":\"https:\\\/\\\/leadervastrasmaland.se\\\/kalenderpost\\\/jordkallare\\\/\",\"url\":\"https:\\\/\\\/leadervastrasmaland.se\\\/kalenderpost\\\/jordkallare\\\/\",\"name\":\"Digital f\u00f6rel\u00e4sning om jordk\u00e4llare - Leader V\u00e4stra Sm\u00e5land\",\"isPartOf\":{\"@id\":\"https:\\\/\\\/leadervastrasmaland.se\\\/#website\"},\"primaryImageOfPage\":{\"@id\":\"https:\\\/\\\/leadervastrasmaland.se\\\/kalenderpost\\\/jordkallare\\\/#primaryimage\"},\"image\":{\"@id\":\"https:\\\/\\\/leadervastrasmaland.se\\\/kalenderpost\\\/jordkallare\\\/#primaryimage\"},\"thumbnailUrl\":\"https:\\\/\\\/leadervastrasmaland.se\\\/wp-content\\\/uploads\\\/sites\\\/54\\\/2026\\\/06\\\/DSC03301-1-scaled.jpg\",\"datePublished\":\"2026-08-24T06:35:59+00:00\",\"breadcrumb\":{\"@id\":\"https:\\\/\\\/leadervastrasmaland.se\\\/kalenderpost\\\/jordkallare\\\/#breadcrumb\"},\"inLanguage\":\"en-US\",\"potentialAction\":[{\"@type\":\"ReadAction\",\"target\":[\"https:\\\/\\\/leadervastrasmaland.se\\\/kalenderpost\\\/jordkallare\\\/\"]}]},{\"@type\":\"ImageObject\",\"inLanguage\":\"en-US\",\"@id\":\"https:\\\/\\\/leadervastrasmaland.se\\\/kalenderpost\\\/jordkallare\\\/#primaryimage\",\"url\":\"https:\\\/\\\/leadervastrasmaland.se\\\/wp-content\\\/uploads\\\/sites\\\/54\\\/2026\\\/06\\\/DSC03301-1-scaled.jpg\",\"contentUrl\":\"https:\\\/\\\/leadervastrasmaland.se\\\/wp-content\\\/uploads\\\/sites\\\/54\\\/2026\\\/06\\\/DSC03301-1-scaled.jpg\",\"width\":2560,\"height\":1707},{\"@type\":\"BreadcrumbList\",\"@id\":\"https:\\\/\\\/leadervastrasmaland.se\\\/kalenderpost\\\/jordkallare\\\/#breadcrumb\",\"itemListElement\":[{\"@type\":\"ListItem\",\"position\":1,\"name\":\"Hem\",\"item\":\"https:\\\/\\\/leadervastrasmaland.se\\\/\"},{\"@type\":\"ListItem\",\"position\":2,\"name\":\"Digital f\u00f6rel\u00e4sning om jordk\u00e4llare\"}]},{\"@type\":\"WebSite\",\"@id\":\"https:\\\/\\\/leadervastrasmaland.se\\\/#website\",\"url\":\"https:\\\/\\\/leadervastrasmaland.se\\\/\",\"name\":\"Leader V\u00e4stra Sm\u00e5land\",\"description\":\"Du vet b\u00e4st vad din bygd beh\u00f6ver!\",\"potentialAction\":[{\"@type\":\"SearchAction\",\"target\":{\"@type\":\"EntryPoint\",\"urlTemplate\":\"https:\\\/\\\/leadervastrasmaland.se\\\/?s={search_term_string}\"},\"query-input\":{\"@type\":\"PropertyValueSpecification\",\"valueRequired\":true,\"valueName\":\"search_term_string\"}}],\"inLanguage\":\"en-US\"}]}<\/script>\n<!-- \/ Yoast SEO plugin. -->","yoast_head_json":{"title":"Digital f\u00f6rel\u00e4sning om jordk\u00e4llare - Leader V\u00e4stra Sm\u00e5land","robots":{"index":"index","follow":"follow","max-snippet":"max-snippet:-1","max-image-preview":"max-image-preview:large","max-video-preview":"max-video-preview:-1"},"canonical":"https:\/\/leadervastrasmaland.se\/en\/kalenderpost\/jordkallare\/","og_locale":"en_US","og_type":"article","og_title":"Digital f\u00f6rel\u00e4sning om jordk\u00e4llare - Leader V\u00e4stra Sm\u00e5land","og_description":"Vill du l\u00e4ra dig mer om jordk\u00e4llare? \u00c4r du kanske intresserad av att restaurera en som du har hemma? D\u00e5 \u00e4r den h\u00e4r f\u00f6rel\u00e4sningen f\u00f6r dig!","og_url":"https:\/\/leadervastrasmaland.se\/en\/kalenderpost\/jordkallare\/","og_site_name":"Leader V\u00e4stra Sm\u00e5land","og_image":[{"width":2560,"height":1707,"url":"https:\/\/leadervastrasmaland.se\/wp-content\/uploads\/sites\/54\/2026\/06\/DSC03301-1-scaled.jpg","type":"image\/jpeg"}],"twitter_card":"summary_large_image","twitter_misc":{"Est. reading time":"2 minutes"},"schema":{"@context":"https:\/\/schema.org","@graph":[{"@type":"WebPage","@id":"https:\/\/leadervastrasmaland.se\/kalenderpost\/jordkallare\/","url":"https:\/\/leadervastrasmaland.se\/kalenderpost\/jordkallare\/","name":"Digital f\u00f6rel\u00e4sning om jordk\u00e4llare - Leader V\u00e4stra Sm\u00e5land","isPartOf":{"@id":"https:\/\/leadervastrasmaland.se\/#website"},"primaryImageOfPage":{"@id":"https:\/\/leadervastrasmaland.se\/kalenderpost\/jordkallare\/#primaryimage"},"image":{"@id":"https:\/\/leadervastrasmaland.se\/kalenderpost\/jordkallare\/#primaryimage"},"thumbnailUrl":"https:\/\/leadervastrasmaland.se\/wp-content\/uploads\/sites\/54\/2026\/06\/DSC03301-1-scaled.jpg","datePublished":"2026-08-24T06:35:59+00:00","breadcrumb":{"@id":"https:\/\/leadervastrasmaland.se\/kalenderpost\/jordkallare\/#breadcrumb"},"inLanguage":"en-US","potentialAction":[{"@type":"ReadAction","target":["https:\/\/leadervastrasmaland.se\/kalenderpost\/jordkallare\/"]}]},{"@type":"ImageObject","inLanguage":"en-US","@id":"https:\/\/leadervastrasmaland.se\/kalenderpost\/jordkallare\/#primaryimage","url":"https:\/\/leadervastrasmaland.se\/wp-content\/uploads\/sites\/54\/2026\/06\/DSC03301-1-scaled.jpg","contentUrl":"https:\/\/leadervastrasmaland.se\/wp-content\/uploads\/sites\/54\/2026\/06\/DSC03301-1-scaled.jpg","width":2560,"height":1707},{"@type":"BreadcrumbList","@id":"https:\/\/leadervastrasmaland.se\/kalenderpost\/jordkallare\/#breadcrumb","itemListElement":[{"@type":"ListItem","position":1,"name":"Hem","item":"https:\/\/leadervastrasmaland.se\/"},{"@type":"ListItem","position":2,"name":"Digital f\u00f6rel\u00e4sning om jordk\u00e4llare"}]},{"@type":"WebSite","@id":"https:\/\/leadervastrasmaland.se\/#website","url":"https:\/\/leadervastrasmaland.se\/","name":"Leader West Sm\u00e5land","description":"You know best what your community needs!","potentialAction":[{"@type":"SearchAction","target":{"@type":"EntryPoint","urlTemplate":"https:\/\/leadervastrasmaland.se\/?s={search_term_string}"},"query-input":{"@type":"PropertyValueSpecification","valueRequired":true,"valueName":"search_term_string"}}],"inLanguage":"en-US"}]}},"_links":{"self":[{"href":"https:\/\/leadervastrasmaland.se\/en\/wp-json\/wp\/v2\/kalenderpost\/12345","targetHints":{"allow":["GET"]}}],"collection":[{"href":"https:\/\/leadervastrasmaland.se\/en\/wp-json\/wp\/v2\/kalenderpost"}],"about":[{"href":"https:\/\/leadervastrasmaland.se\/en\/wp-json\/wp\/v2\/types\/kalenderpost"}],"version-history":[{"count":2,"href":"https:\/\/leadervastrasmaland.se\/en\/wp-json\/wp\/v2\/kalenderpost\/12345\/revisions"}],"predecessor-version":[{"id":12348,"href":"https:\/\/leadervastrasmaland.se\/en\/wp-json\/wp\/v2\/kalenderpost\/12345\/revisions\/12348"}],"wp:featuredmedia":[{"embeddable":true,"href":"https:\/\/leadervastrasmaland.se\/en\/wp-json\/wp\/v2\/media\/12309"}],"wp:attachment":[{"href":"https:\/\/leadervastrasmaland.se\/en\/wp-json\/wp\/v2\/media?parent=12345"}],"curies":[{"name":"wp","href":"https:\/\/api.w.org\/{rel}","templated":true}]}}